{"id":66056,"date":"2025-12-08T21:12:45","date_gmt":"2025-12-09T02:12:45","guid":{"rendered":"https:\/\/www.stromspa.com\/?p=66056"},"modified":"2025-12-08T21:12:45","modified_gmt":"2025-12-09T02:12:45","slug":"winter-resilience","status":"publish","type":"post","link":"https:\/\/www.stromspa.com\/en\/magazine\/societe-en\/winter-resilience\/","title":{"rendered":"Winter Resilience"},"content":{"rendered":"<h3><strong>\u201cWe will not leave.\u201d<br \/>\n<\/strong><strong>Jacques Brault<\/strong><\/h3>\n<p>&nbsp;<\/p>\n<p>Every year, in Quebec, as in other northern territories, winter returns with its biting cold, shorter days, slippery streets, and snow-covered silences. And while it\u2019s part of a natural cycle, it\u2019s rarely greeted with indifference. Because beyond a simple change in temperature or scenery, winter has a profound effect on us. It disrupts our habits, slows down our rhythms, and shakes up our relationship with time, space, others, and\u2014above all\u2014ourselves.<\/p>\n<p>For a few weeks, and sometimes even a few months, major cities such as Montreal, New York, and Berlin are covered in a blanket of white that erases straight lines, visual landmarks, and well-regulated schedules. Everything that was once taken for granted suddenly becomes uncertain: transportation is delayed, sidewalks become impassable, and parks are closed. In 1971, Quebec poet Jacques Brault wrote in La po\u00e9sie ce matin this simple yet powerful verse that perfectly summarizes the foundational ordeal of winter and the cold: \u201cwe will not leave.\u201d Despite the frost, the constraints, the wind, the darkness, and the seasonal isolation, we can draw a quiet yet strong power from winter: despite, thanks to winter, \u201cwe will not leave.\u201d<\/p>\n<p>However, while cultural representations of winter refer almost exclusively to outdoor landscapes, it\u2019s during this season that we spend the most time indoors: we observe the first snowfall through the window on a December morning; we change our diets, our habits, our wakeup and bedtimes, our athletic activities, even our social relationships. Sometimes, people also take advantage of the cold weather and the winter to engage in outdoor activities. But compared to the other seasons, winter is primarily a season experienced inside, hence the importance that Nordic peoples place on the layout of their homes, their lighting, and their openness toward the blue, white, and purple landscapes recreated by the effects of snow.<\/p>\n<p>Winter and its two essential components\u2014coldness and darkness\u2014also act on another, more subtle level: they force us to confront immobility, withdrawal, and silence. They force us to slow down and sometimes even stop. In our societies marked by urgency, efficiency, and performance, this suspension is often seen as a form of disorder, even a threat. Winter therefore disrupts an established order: that of schedules and performance. However, this disruption carries something else with it: a different time, a sense of interiority, a form of simplicity conducive to reflection, creation, and listening. This is what many people feel after the first snowfall: a gentle dizziness, a return to childhood, as if the world suddenly took a break.<\/p>\n<p>However, this feeling doesn\u2019t last. Because winter, when it stretches out, becomes hard to bear. It can darken the mood and generate widespread fatigue and a lack of motivation. The lack of light affects our biology; the cold weather encourages us to stay inside longer, which sometimes leads to isolation. The city, once the magic of the first snowflakes has passed, is covered in grey, wet snow, and hazards. It becomes harder to go out, see each other, and sustain momentum. For people who live alone or in a vulnerable situation, this forced withdrawal can result in deep loneliness. This is also what is conveyed by the French word \u201chivernit\u00e9,\u201d coined by geographer Louis-Edmond Hamelin: a state, an ambiance, a way of experiencing winter that shapes behaviours, social relationships, and emotions.<\/p>\n<p>However, some cultures have made this ordeal a strength. The Nordic peoples (including Quebecers) have long developed strategies for taming this season. In Scandinavia, for example, light becomes an art form; indoor conviviality, a form of gentle resistance to the darkness outside. We light candles, we slow down our schedules, and we accept the idea of living differently. Winter is no longer a season that we have to struggle against, but a time that we must learn to get through\u2014and even, sometimes, to love.<\/p>\n<p style=\"text-align: right;\"><img loading=\"lazy\" decoding=\"async\" class=\"wp-image-66100 size-large alignnone\" src=\"https:\/\/www.stromspa.com\/wp-content\/uploads\/2025\/12\/jessica-fadel-N1qsc20EICk-unsplashHIGHT-Edit-800x1200.jpg\" alt=\"\" width=\"800\" height=\"1200\" srcset=\"https:\/\/www.stromspa.com\/wp-content\/uploads\/2025\/12\/jessica-fadel-N1qsc20EICk-unsplashHIGHT-Edit-800x1200.jpg 800w, https:\/\/www.stromspa.com\/wp-content\/uploads\/2025\/12\/jessica-fadel-N1qsc20EICk-unsplashHIGHT-Edit-200x300.jpg 200w, https:\/\/www.stromspa.com\/wp-content\/uploads\/2025\/12\/jessica-fadel-N1qsc20EICk-unsplashHIGHT-Edit-768x1152.jpg 768w, https:\/\/www.stromspa.com\/wp-content\/uploads\/2025\/12\/jessica-fadel-N1qsc20EICk-unsplashHIGHT-Edit-1024x1536.jpg 1024w, https:\/\/www.stromspa.com\/wp-content\/uploads\/2025\/12\/jessica-fadel-N1qsc20EICk-unsplashHIGHT-Edit-1366x2048.jpg 1366w, https:\/\/www.stromspa.com\/wp-content\/uploads\/2025\/12\/jessica-fadel-N1qsc20EICk-unsplashHIGHT-Edit.jpg 1667w\" sizes=\"auto, (max-width: 800px) 100vw, 800px\" \/><br \/>\n<span style=\"font-size: 10pt;\">Photo : \u00a9 Jessica Fadel<\/span><\/p>\n<p>However, it\u2019s not an easy path. Winter is an existential ordeal. It brings us back to our finiteness, to our need for warmth, closeness, and comfort. It forces us to organize our lives differently, acknowledge our limitations, and deal with what we can\u2019t control. And yet, it can also be foundational. Those who \u201cstay the winter,\u201d who choose not to escape to milder climates, ultimately develop a sense of pride, an inner strength. This experience is existential and leads to a deep rootedness. Author Dany Laferri\u00e8re humorously wrote in 1994: \u201cThe biggest enigma is the fact that people agree to spend their whole lives in this climate when the equator isn\u2019t too far away.\u201d It\u2019s true that remaining in a cold country, despite the difficulties that the climate imposes, ends up leading to a surprising pride\u2014that of resisting\u2014which deeply marks and defines Quebec identity. With its constraints, silences, and slowness, winter eventually carves out in us a space of grounding, calm, and sometimes even resilience.<\/p>\n<h3>THE COLD AS A PHYSICAL DEMAND<\/h3>\n<p>Cold weather isn\u2019t just a piece of meteorological data: in the winter, it\u2019s a daily constraint. When the temperatures drop, the human body enters protective mode. The simple act of going outside requires planning. This permanent, often invisible vigilance can become exhausting, especially when it extends over several months.<\/p>\n<p>In some Nordic cultures, there is a saying that there is no bad weather, only bad clothes. But beyond this maxim, it should also be recognized that not everyone has the same resources to deal with the cold. Winter exacerbates inequalities: it isolates, makes vulnerabilities visible, and highlights discomfort or insecurity in housing, mobility, and social ties.<\/p>\n<p>Ultimately, the cold forces us to confront our vulnerability. It reminds us that comfort is never a given, that our bodies have limits, and that in order to live in harmony with a winter environment, it\u2019s necessary to adapt not only physically, but also mentally and emotionally.<\/p>\n<h3>DARKNESS AS A NEW ORDEAL<\/h3>\n<p>In Nordic regions, and especially in Scandinavia, the winter darkness can last for weeks, even months, with sunlight limited to just a few hours per day, or sometimes even non-existent. While the variation in light is more nuanced in Quebec due to its more southerly geographic location, for many, darkness remains one of the dominant characteristics of winter. This prolonged darkness takes its toll on the body and mind. Many studies have shown that a lack of natural light can affect mood, concentration, sleep, and even physical health. Disorders such as seasonal depression affect a large number of people, particularly between November and February. The circadian rhythm, which regulates sleep-wake cycles, is profoundly disrupted by the absence of light cues.<\/p>\n<p>It therefore becomes harder to wake up in the morning and maintain consistent energy levels and stable motivation on a daily basis. This slowdown is also sometimes poorly perceived in societies that value efficiency, movement, and productivity. It can lead to a form of guilt: feeling \u201cless functional\u201d in the winter, whereas in reality, the body and mind simply need to adjust to demanding conditions.<\/p>\n<p>Nordic societies have developed different strategies to adapt to this reality. The use of light therapy, for example, is common in households and workplaces. The importance placed on interior lighting is also revealing: soft, warm, often indirect light is favoured to create a feeling of comfort and well-being. Social life also adapts: quiet moments, indoor activities, reading, cooking, and gatherings in small groups are valued. Some people even go so far as to redefine their schedules in the winter, prioritizing rest, reading, or contemplation.<\/p>\n<p style=\"text-align: right;\"><img loading=\"lazy\" decoding=\"async\" class=\"alignnone wp-image-66102 size-large\" src=\"https:\/\/www.stromspa.com\/wp-content\/uploads\/2025\/12\/rDZEqMCA-Edit-800x1200.jpg\" alt=\"\" width=\"800\" height=\"1200\" srcset=\"https:\/\/www.stromspa.com\/wp-content\/uploads\/2025\/12\/rDZEqMCA-Edit-800x1200.jpg 800w, https:\/\/www.stromspa.com\/wp-content\/uploads\/2025\/12\/rDZEqMCA-Edit-200x300.jpg 200w, https:\/\/www.stromspa.com\/wp-content\/uploads\/2025\/12\/rDZEqMCA-Edit-768x1152.jpg 768w, https:\/\/www.stromspa.com\/wp-content\/uploads\/2025\/12\/rDZEqMCA-Edit-1024x1536.jpg 1024w, https:\/\/www.stromspa.com\/wp-content\/uploads\/2025\/12\/rDZEqMCA-Edit-1366x2048.jpg 1366w, https:\/\/www.stromspa.com\/wp-content\/uploads\/2025\/12\/rDZEqMCA-Edit.jpg 1667w\" sizes=\"auto, (max-width: 800px) 100vw, 800px\" \/><br \/>\n<span style=\"font-size: 10pt;\">Photo : \u00a9 Bianca Des Jardins<\/span><\/p>\n<h3>WINTER AS A LUMINOUS ORDEAL<\/h3>\n<p>Winter is certainly a demanding season, and those who experience it every year know how much it puts the body, mind, and daily organization to the test. And yet, at the heart of this season, forms of resilience, solidarity, and chosen slowness are also created.<\/p>\n<p>Rather than treating it like a struggle or something to flee, \u201cstaying the winter\u201d can become a learning opportunity, a way to anchor ourselves in an environment and respect it. A way of experiencing time differently and listening to ourselves better, quite simply.<\/p>\n<p>&nbsp;<\/p>\n<p><span style=\"font-size: 10pt;\">[1] Brault, J. (1973). La po\u00e9sie ce matin (p. 29). Parti pris.<\/span><\/p>\n<p><span style=\"font-size: 10pt;\">[2] Laferri\u00e8re, D. (1994). Chronique de la d\u00e9rive douce (p. 110). VLB \u00e9diteur.<\/span><\/p>\n<hr \/>\n<h3>\u00a0<\/h3>\n<h3>FURTHER READING<\/h3>\n<p>Borm, J. and Chartier, D. (2018). Le froid. Adaptation, production, effets, repr\u00e9sentations. Presses de l\u2019Universit\u00e9 du Qu\u00e9bec.<\/p>\n<p>Chartier, D., Lund, K. A., and J\u00f3hannesson, G. T. (2021). Darkness. The Dynamics of Darkness in the North. Presses de l\u2019Universit\u00e9 du Qu\u00e9bec, Imaginaire | Nord, and University of Iceland.<\/p>\n<p>De la Soudi\u00e8re, M. (2016). Quartiers d\u2019hiver. Ethnologie d\u2019une saison. Cr\u00e9aphis.<\/p>\n<p>Hamelin, L.-E., Chartier, D., and D\u00e9sy, J. (2014). La nordicit\u00e9 du Qu\u00e9bec : Entretiens avec Louis-Edmond Hamelin. Presses de l\u2019Universit\u00e9 du Qu\u00e9bec.<\/p>\n","protected":false},"excerpt":{"rendered":"<p>\u201cWe will not leave.\u201d Jacques Brault &nbsp; Every year, in Quebec, as in other northern territories, winter returns with its biting cold, shorter days, slippery streets, and snow-covered silences. And while it\u2019s part of a natural cycle, it\u2019s rarely greeted with indifference. Because beyond a simple change in temperature or scenery, winter has a profound [&hellip;]<\/p>\n","protected":false},"author":28,"featured_media":66098,"comment_status":"open","ping_status":"open","sticky":false,"template":"","format":"standard","meta":{"_acf_changed":false,"footnotes":""},"categories":[6206],"tags":[],"class_list":["post-66056","post","type-post","status-publish","format-standard","has-post-thumbnail","hentry","category-societe-en"],"acf":[],"_links":{"self":[{"href":"https:\/\/www.stromspa.com\/en\/wp-json\/wp\/v2\/posts\/66056","targetHints":{"allow":["GET"]}}],"collection":[{"href":"https:\/\/www.stromspa.com\/en\/wp-json\/wp\/v2\/posts"}],"about":[{"href":"https:\/\/www.stromspa.com\/en\/wp-json\/wp\/v2\/types\/post"}],"author":[{"embeddable":true,"href":"https:\/\/www.stromspa.com\/en\/wp-json\/wp\/v2\/users\/28"}],"replies":[{"embeddable":true,"href":"https:\/\/www.stromspa.com\/en\/wp-json\/wp\/v2\/comments?post=66056"}],"version-history":[{"count":8,"href":"https:\/\/www.stromspa.com\/en\/wp-json\/wp\/v2\/posts\/66056\/revisions"}],"predecessor-version":[{"id":66114,"href":"https:\/\/www.stromspa.com\/en\/wp-json\/wp\/v2\/posts\/66056\/revisions\/66114"}],"wp:featuredmedia":[{"embeddable":true,"href":"https:\/\/www.stromspa.com\/en\/wp-json\/wp\/v2\/media\/66098"}],"wp:attachment":[{"href":"https:\/\/www.stromspa.com\/en\/wp-json\/wp\/v2\/media?parent=66056"}],"wp:term":[{"taxonomy":"category","embeddable":true,"href":"https:\/\/www.stromspa.com\/en\/wp-json\/wp\/v2\/categories?post=66056"},{"taxonomy":"post_tag","embeddable":true,"href":"https:\/\/www.stromspa.com\/en\/wp-json\/wp\/v2\/tags?post=66056"}],"curies":[{"name":"wp","href":"https:\/\/api.w.org\/{rel}","templated":true}]}}