{"id":59762,"date":"2024-09-27T10:23:17","date_gmt":"2024-09-27T14:23:17","guid":{"rendered":"https:\/\/www.stromspa.com\/magazine\/uncategorized\/comment-ralentir-pour-se-propulser-ensemble\/"},"modified":"2024-11-12T10:03:09","modified_gmt":"2024-11-12T15:03:09","slug":"comment-ralentir-pour-se-propulser-ensemble","status":"publish","type":"post","link":"https:\/\/www.stromspa.com\/en\/magazine\/strom-news\/comment-ralentir-pour-se-propulser-ensemble\/","title":{"rendered":"Comment ralentir pour se propulser ensemble"},"content":{"rendered":"<p><b>Ateliers d&#8217;\u00e9quipe : Relaxez, innovez, et renforcez la collaboration<\/b><\/p>\n<p><span style=\"font-weight: 400;\">Dans un monde o\u00f9 tout va vite, il est essentiel de prendre du recul pour mieux avancer.\u00a0<\/span><\/p>\n<p><b>Saviez-vous qu\u2019au Qu\u00e9bec, pr\u00e8s de 33% des travailleurs ressentent le besoin de ralentir pour \u00e9viter l\u2019\u00e9puisement professionnel?<\/b><span style=\"font-weight: 400;\"> Peut-\u00eatre faites-vous partie de ceux qui cherchent \u00e0 retrouver un \u00e9quilibre entre vie professionnelle et personnelle. Nous comprenons votre situation et savons que vous g\u00e9rez des responsabilit\u00e9s importantes, tout en jonglant avec des attentes \u00e9lev\u00e9es et une charge mentale croissante. L\u2019isolement d\u00fb au t\u00e9l\u00e9travail peut \u00e9galement ajouter une dimension suppl\u00e9mentaire \u00e0 ces d\u00e9fis. M\u00eame si vous ne ressentez pas cette fatigue, vous connaissez s\u00fbrement les bienfaits de ralentir pour mieux vous propulser.<\/span><\/p>\n<p><span style=\"font-weight: 400;\">Que diriez-vous de faire une pause avec votre \u00e9quipe, de prendre du recul et de ralentir pour mieux vous recentrer ensemble? Ce moment de ressourcement vous permettrait de vous r\u00e9aligner, de renforcer votre coh\u00e9sion et de repartir plus fort dans la r\u00e9alisation de vos objectifs communs.<\/span><\/p>\n<p><b>Seul, on va plus vite; ensemble, on va plus loin!<\/b><b><br \/>\n<\/b><span style=\"font-weight: 400;\">Proverbe africain<\/span><\/p>\n<p><b>Str\u00f8m spa nordique vous accueille pour r\u00e9pondre \u00e0 ces besoins.<\/b><span style=\"font-weight: 400;\"> En prenant le temps de vous ressourcer, non seulement vous retrouvez un \u00e9quilibre personnel, mais vous dynamisez votre cr\u00e9ativit\u00e9 et votre capacit\u00e9 \u00e0 collaborer avec vos coll\u00e8gues. Le travail ne doit pas \u00eatre une source constante de stress, et ralentir permet souvent de donner vie \u00e0 de nouvelles id\u00e9es et des dynamiques de travail plus harmonieuses.\u00a0<\/span><\/p>\n<p><span style=\"font-weight: 400;\">Allier performance et bien-\u00eatre, c&#8217;est possible, durable et rentable.\u00a0<\/span><\/p>\n<p><b>Imaginez l&#8217;impact d&#8217;une journ\u00e9e de ressourcement au Str\u00f8m avec vos coll\u00e8gues.<\/b><span style=\"font-weight: 400;\"> Un moment pour se reconnecter \u00e0 soi et \u00e0 son \u00e9quipe, pour l\u00e2cher prise ensemble, et revenir plus forts face aux d\u00e9fis quotidiens. En prenant le temps de d\u00e9compresser, vous ouvrez la porte \u00e0 une meilleure communication et des solutions innovantes et cr\u00e9atives.<\/span><\/p>\n<p><b>Saviez-vous qu\u2019en collaboration avec Iceberg Management, Str\u00f8m spa nordique offre des ateliers sp\u00e9cialement con\u00e7us pour les entreprises?<\/b><span style=\"font-weight: 400;\"> Ceux-ci visent \u00e0 r\u00e9pondre aux besoins des \u00e9quipes, en combinant relaxation et innovation, afin d&#8217;am\u00e9liorer le bien-\u00eatre collectif tout en favorisant une collaboration plus efficace au travail.\u00a0<\/span><\/p>\n<p><span style=\"font-weight: 400;\">Si vous vous reconnaissez dans ces besoins, pourquoi ne pas en parler \u00e0 votre employeur ?\u00a0<\/span><\/p>\n<p><a href=\"https:\/\/www.stromspa.com\/wp-content\/uploads\/2024\/10\/Iceberg_Management_8.5x14_2024_v14.pdf\"><b>D\u00e9couvrez nos ateliers d&#8217;\u00e9quipe apaisants et innovants.<\/b><\/a><\/p>\n<p><i><span style=\"font-weight: 400;\">\u00c9crit Par Isabelle Cloutier, coach professionnelle pnl certifi\u00e9e, en collaboration avec Julie Tardif, co-fondatrice\u00a0 Iceberg Management<\/span><\/i><\/p>\n<h3><b>R\u00e9f\u00e9rences :<\/b><\/h3>\n<ol>\n<li style=\"font-weight: 400;\" aria-level=\"1\"><span style=\"font-size: 12pt;\"><span style=\"font-weight: 400;\">Sondage Robert Half : 33 % des travailleurs qu\u00e9b\u00e9cois sont au bord de l&#8217;\u00e9puisement professionnel\u200b(<\/span><span style=\"font-weight: 400;\"><br \/>\n<\/span><a href=\"https:\/\/presse.roberthalf.ca\/2019-08-08-Montrez-leur-l-apos-argent-33-des-travailleurs-au-Canada-envisagent-de-chercher-un-nouvel-emploi-dans-les-12-prochains-mois\" target=\"_blank\" rel=\"noopener\"><span style=\"font-weight: 400;\">Robert Half Canada<\/span><span style=\"font-weight: 400;\"><br \/>\n<\/span><\/a><a href=\"https:\/\/www.oiiaq.org\/actualites\/temps-de-pandemie-la-sante-mentale-des-travailleurs-1\" target=\"_blank\" rel=\"noopener\"><span style=\"font-weight: 400;\">OIIAQ<\/span><\/a><\/span><\/li>\n<li style=\"font-weight: 400;\" aria-level=\"1\"><span style=\"font-size: 12pt;\"><span style=\"font-weight: 400;\">Association des psychologues du Qu\u00e9bec : Probl\u00e8mes de sant\u00e9 mentale au travail et risque de burnout collectif\u200b(<\/span><span style=\"font-weight: 400;\"><br \/>\n<\/span><a href=\"https:\/\/www.oiiaq.org\/actualites\/temps-de-pandemie-la-sante-mentale-des-travailleurs-1\" target=\"_blank\" rel=\"noopener\"><span style=\"font-weight: 400;\">OIIAQ<\/span><\/a><\/span><\/li>\n<li style=\"font-weight: 400;\" aria-level=\"1\"><span style=\"font-size: 12pt;\"><a href=\"https:\/\/www.oiiaq.org\/actualites\/temps-de-pandemie-la-sante-mentale-des-travailleurs-1\" target=\"_blank\" rel=\"noopener\"><span style=\"font-weight: 400;\">Statistiques sur l&#8217;\u00e9puisement professionnel au Qu\u00e9bec : environ 30 % des travailleurs rapportent des sympt\u00f4mes li\u00e9s au burnout\u200b(<br \/>\n<\/span><\/a><\/span><\/li>\n<\/ol>\n<p><a href=\"https:\/\/www.oiiaq.org\/actualites\/temps-de-pandemie-la-sante-mentale-des-travailleurs-1\" target=\"_blank\" rel=\"noopener\"><span style=\"font-weight: 400; font-size: 12pt;\">OIIAQ<\/span><span style=\"font-weight: 400;\"><br \/>\n<\/span><\/a><\/p>\n","protected":false},"excerpt":{"rendered":"<p>Ateliers d&#8217;\u00e9quipe : Relaxez, innovez, et renforcez la collaboration Dans un monde o\u00f9 tout va vite, il est essentiel de prendre du recul pour mieux avancer.\u00a0 Saviez-vous qu\u2019au Qu\u00e9bec, pr\u00e8s de 33% des travailleurs ressentent le besoin de ralentir pour \u00e9viter l\u2019\u00e9puisement professionnel? Peut-\u00eatre faites-vous partie de ceux qui cherchent \u00e0 retrouver un \u00e9quilibre entre [&hellip;]<\/p>\n","protected":false},"author":16,"featured_media":59757,"comment_status":"open","ping_status":"open","sticky":false,"template":"","format":"standard","meta":{"_acf_changed":false,"footnotes":""},"categories":[1975],"tags":[],"class_list":["post-59762","post","type-post","status-publish","format-standard","has-post-thumbnail","hentry","category-strom-news"],"acf":[],"_links":{"self":[{"href":"https:\/\/www.stromspa.com\/en\/wp-json\/wp\/v2\/posts\/59762","targetHints":{"allow":["GET"]}}],"collection":[{"href":"https:\/\/www.stromspa.com\/en\/wp-json\/wp\/v2\/posts"}],"about":[{"href":"https:\/\/www.stromspa.com\/en\/wp-json\/wp\/v2\/types\/post"}],"author":[{"embeddable":true,"href":"https:\/\/www.stromspa.com\/en\/wp-json\/wp\/v2\/users\/16"}],"replies":[{"embeddable":true,"href":"https:\/\/www.stromspa.com\/en\/wp-json\/wp\/v2\/comments?post=59762"}],"version-history":[{"count":5,"href":"https:\/\/www.stromspa.com\/en\/wp-json\/wp\/v2\/posts\/59762\/revisions"}],"predecessor-version":[{"id":60460,"href":"https:\/\/www.stromspa.com\/en\/wp-json\/wp\/v2\/posts\/59762\/revisions\/60460"}],"wp:featuredmedia":[{"embeddable":true,"href":"https:\/\/www.stromspa.com\/en\/wp-json\/wp\/v2\/media\/59757"}],"wp:attachment":[{"href":"https:\/\/www.stromspa.com\/en\/wp-json\/wp\/v2\/media?parent=59762"}],"wp:term":[{"taxonomy":"category","embeddable":true,"href":"https:\/\/www.stromspa.com\/en\/wp-json\/wp\/v2\/categories?post=59762"},{"taxonomy":"post_tag","embeddable":true,"href":"https:\/\/www.stromspa.com\/en\/wp-json\/wp\/v2\/tags?post=59762"}],"curies":[{"name":"wp","href":"https:\/\/api.w.org\/{rel}","templated":true}]}}